[{"@context":"https:\/\/schema.org\/","@type":"Article","@id":"https:\/\/www.mabico.cz\/co-se-starym-opotrebovanym-nabytkem-vymenit\/#Article","mainEntityOfPage":"https:\/\/www.mabico.cz\/co-se-starym-opotrebovanym-nabytkem-vymenit\/","headline":"Co se star\u00fdm opot\u0159ebovan\u00fdm n\u00e1bytkem? Vym\u011bnit!","name":"Co se star\u00fdm opot\u0159ebovan\u00fdm n\u00e1bytkem? Vym\u011bnit!","description":"Ano. Tr\u00e1p\u00ed v\u00e1s ji\u017e del\u0161\u00ed dobu tato my\u0161lenka? V\u00edte, \u017ee \u017eijete v dom\u00e1cnosti, kde se mo\u017en\u00e1 zastavil \u010das, kdy\u017e jste si jako velmi mlad\u00ed za\u0159izovali byt a nyn\u00ed v n\u011bm \u017eijete, zat\u00edm co \u010das venku plyne a vy jste uzav\u0159eni v historii? C\u00edt\u00edte, \u017ee pot\u0159ebujete zm\u011bnu? Pak je \u010das na<a class=\"read-more\" href=\"https:\/\/www.mabico.cz\/co-se-starym-opotrebovanym-nabytkem-vymenit\/\"> ( more... )<\/a>","datePublished":"2025-03-16","dateModified":"2025-03-16","author":{"@type":"Person","@id":"https:\/\/www.mabico.cz\/author\/#Person","name":"","url":"https:\/\/www.mabico.cz\/author\/","identifier":1,"image":{"@type":"ImageObject","@id":"https:\/\/secure.gravatar.com\/avatar\/69bd9b72104e3ccfb6214cbd23cb226f96c6ecf33a2a351fa1d4682235118df3?s=96&d=mm&r=g","url":"https:\/\/secure.gravatar.com\/avatar\/69bd9b72104e3ccfb6214cbd23cb226f96c6ecf33a2a351fa1d4682235118df3?s=96&d=mm&r=g","height":96,"width":96}},"publisher":{"@type":"Organization","name":"mabico.cz","logo":{"@type":"ImageObject","@id":"\/logo.png","url":"\/logo.png","width":600,"height":60}},"url":"https:\/\/www.mabico.cz\/co-se-starym-opotrebovanym-nabytkem-vymenit\/","wordCount":224,"articleBody":" Ano. Tr\u00e1p\u00ed v\u00e1s ji\u017e del\u0161\u00ed dobu tato my\u0161lenka? V\u00edte, \u017ee \u017eijete v dom\u00e1cnosti, kde se mo\u017en\u00e1 zastavil \u010das, kdy\u017e jste si jako velmi mlad\u00ed za\u0159izovali byt a nyn\u00ed v n\u011bm \u017eijete, zat\u00edm co \u010das venku plyne a vy jste uzav\u0159eni v historii? C\u00edt\u00edte, \u017ee pot\u0159ebujete zm\u011bnu? Pak je \u010das na to, zamyslet se nad vybaven\u00edm va\u0161eho bytu. Pod\u00edvejte se na va\u0161i pohovku v ob\u00fdvac\u00edm pokoji. Nen\u00ed to pr\u00e1v\u011b ona, kter\u00e1 by nejv\u00edc pot\u0159ebovala vym\u011bnit? Pokud je tomu tak, pod\u00edvejte se na na\u0161e rozkl\u00e1dac\u00ed pohovky, kter\u00e9 m\u00e1me pro v\u00e1s rovn\u011b\u017e v nab\u00eddce. V\u00fdm\u011bna star\u00e9ho za nov\u00e9 Zn\u00ed to velmi l\u00e1kav\u011b, kdy\u017e v\u00edte, \u017ee to co pot\u0159ebujete m\u00e1te p\u0159\u00edmo p\u0159ed sebou a nemus\u00edte za t\u00edm nikam jezdit ani chodit, \u017ee? A p\u0159esn\u011b to je nab\u00eddka na\u0161eho internetov\u00e9ho obchodu, kde najdete naprosto v\u0161echno co pot\u0159ebujete, jako t\u0159eba pr\u00e1v\u011b rozkl\u00e1dac\u00ed pohovky. Zkuste to a pod\u00edvejte se na na\u0161i nab\u00eddku n\u00e1bytku a bytov\u00fdch dopl\u0148k\u016f, kter\u00e9 rozhodn\u011b nikde jinde nekoup\u00edte a nese\u017eenete. M\u00e1te-li dobr\u00fd vkus, nav\u0161tivte pr\u00e1v\u011b n\u00e1s!                                                                                                                                                                                                                                                                                                                                                                                                "},{"@context":"https:\/\/schema.org\/","@type":"BreadcrumbList","itemListElement":[{"@type":"ListItem","position":1,"name":"Co se star\u00fdm opot\u0159ebovan\u00fdm n\u00e1bytkem? Vym\u011bnit!","item":"https:\/\/www.mabico.cz\/co-se-starym-opotrebovanym-nabytkem-vymenit\/#breadcrumbitem"}]}]