[{"@context":"https:\/\/schema.org\/","@type":"Article","@id":"https:\/\/www.mabico.cz\/jake-obleceni-a-vzory-by-nemely-chybet-ve-vasem-jarnim-a-letnim-satniku\/#Article","mainEntityOfPage":"https:\/\/www.mabico.cz\/jake-obleceni-a-vzory-by-nemely-chybet-ve-vasem-jarnim-a-letnim-satniku\/","headline":"Jak\u00e9 oble\u010den\u00ed a vzory by nem\u011bly chyb\u011bt ve va\u0161em jarn\u00edm a letn\u00edm \u0161atn\u00edku","name":"Jak\u00e9 oble\u010den\u00ed a vzory by nem\u011bly chyb\u011bt ve va\u0161em jarn\u00edm a letn\u00edm \u0161atn\u00edku","description":"Kter\u00e9 jarn\u00ed kousky zkr\u00e1tka mus\u00edte m\u00edt a nem\u011bly by chyb\u011bt ve va\u0161em leto\u0161n\u00edm jarn\u00edm a letn\u00edm \u0161atn\u00edku? Ud\u011blejte detox va\u0161eho \u0161atn\u00edku a dopl\u0148te ho o spoustu nov\u00fdch a trendy kousk\u016f oble\u010den\u00ed, kter\u00e9 by v\u00e1m ur\u010dit\u011b nem\u011bly chyb\u011bt. \u00b7 Tou\u017e\u00edte t\u0159eba po nov\u00e9m svr\u0161ku? Pak ur\u010dit\u011b vsa\u010fte na tren\u010dkot, kter\u00fd vyu\u017eijete<a class=\"read-more\" href=\"https:\/\/www.mabico.cz\/jake-obleceni-a-vzory-by-nemely-chybet-ve-vasem-jarnim-a-letnim-satniku\/\"> ( more... )<\/a>","datePublished":"2025-02-23","dateModified":"2023-04-29","author":{"@type":"Person","@id":"https:\/\/www.mabico.cz\/author\/#Person","name":"","url":"https:\/\/www.mabico.cz\/author\/","identifier":1,"image":{"@type":"ImageObject","@id":"https:\/\/secure.gravatar.com\/avatar\/69bd9b72104e3ccfb6214cbd23cb226f96c6ecf33a2a351fa1d4682235118df3?s=96&d=mm&r=g","url":"https:\/\/secure.gravatar.com\/avatar\/69bd9b72104e3ccfb6214cbd23cb226f96c6ecf33a2a351fa1d4682235118df3?s=96&d=mm&r=g","height":96,"width":96}},"publisher":{"@type":"Organization","name":"mabico.cz","logo":{"@type":"ImageObject","@id":"\/logo.png","url":"\/logo.png","width":600,"height":60}},"image":{"@type":"ImageObject","@id":"https:\/\/www.mabico.cz\/wp-content\/uploads\/img_a344111_w2720_t1557569804.jpg","url":"https:\/\/www.mabico.cz\/wp-content\/uploads\/img_a344111_w2720_t1557569804.jpg","height":0,"width":0},"url":"https:\/\/www.mabico.cz\/jake-obleceni-a-vzory-by-nemely-chybet-ve-vasem-jarnim-a-letnim-satniku\/","wordCount":435,"articleBody":"Kter\u00e9 jarn\u00ed kousky zkr\u00e1tka mus\u00edte m\u00edt a nem\u011bly by chyb\u011bt ve va\u0161em leto\u0161n\u00edm jarn\u00edm a letn\u00edm \u0161atn\u00edku? Ud\u011blejte detox va\u0161eho \u0161atn\u00edku a dopl\u0148te ho o spoustu nov\u00fdch a trendy kousk\u016f oble\u010den\u00ed, kter\u00e9 by v\u00e1m ur\u010dit\u011b nem\u011bly chyb\u011bt. \u00b7 Tou\u017e\u00edte t\u0159eba po nov\u00e9m svr\u0161ku? Pak ur\u010dit\u011b vsa\u010fte na tren\u010dkot, kter\u00fd vyu\u017eijete v jarn\u00edch i podzimn\u00edch sychrav\u00fdch a chladn\u00fdch dnech a dokonale ho m\u016f\u017eete sladit s elegantn\u00edm i se sportovn\u011b-elegantn\u00edm stylem. \u00b7 Jasnou volbou je tak\u00e9 letos b\u00edl\u00e1 krajka, kter\u00e1 skv\u011ble vypad\u00e1 i v kombinaci s d\u017e\u00edny.  \u00b7 Vedle ne\u0161l\u00e1pnete ani s tradi\u010dn\u00edm a nest\u00e1rnouc\u00edm denimem \u2013 in jsou st\u00e1le d\u017e\u00edny a tak\u00e9 d\u017e\u00ednov\u00e9 bundy. D\u017e\u00ednov\u00e9 bundy se nos\u00ed v nejr\u016fzn\u011bj\u0161\u00edch odst\u00ednech, od t\u011bch nejsv\u011btlej\u0161\u00edch vybledl\u00fdch, a\u017e po n\u00e1mo\u0159nickou mod\u0159. D\u017e\u00edny nav\u00edc zv\u00fdrazn\u00ed va\u0161e \u017eensk\u00e9 rysy. \u00b7 Vsa\u010fte na kv\u011btinov\u00e9 vzory, d\u00edky kter\u00fdm i vy rozkvetete. Prom\u011b\u0148te se t\u0159eba v romantickou du\u0161i d\u00edky \u0161at\u016fm s kv\u011btinov\u00fdm vzorem. \u00b7 Svet\u0159\u00edk a\u0165 u\u017e prop\u00ednac\u00ed nebo p\u0159es hlavu by tak\u00e9 ve va\u0161em \u0161atn\u00edku nem\u011bl chyb\u011bt. \u00b7 In jsou tak\u00e9 tzv. oversized tri\u010dka, tedy tri\u010dka, kter\u00e1 nejsou upnut\u00e1, ale naopak voln\u011bj\u0161\u00ed a skv\u011ble vypadaj\u00ed s upnut\u00fdmi d\u017e\u00edny. \u00b7 \u010casto tak\u00e9 vyu\u017eijete ko\u017eenou bundu nebo s\u00e1\u010dko, a to p\u0159i r\u016fzn\u00fdch p\u0159\u00edle\u017eitostech. Ko\u017een\u00e9 bundy m\u016f\u017eete vid\u011bt v r\u016fzn\u00fdch barv\u00e1ch, ale rad\u011bji vsa\u010fte na nest\u00e1rnouc\u00ed a elegantn\u00ed \u010dernou, kter\u00e1 je st\u00e1le in. \u00b7 A pokud jde o boty, pak si ur\u010dit\u011b po\u0159i\u010fte alespo\u0148 jedny baler\u00ednky, kter\u00e9 se skv\u011ble hod\u00ed nejen k d\u017e\u00edn\u016fm, ale tak\u00e9 k n\u011bjak\u00e9m elegantn\u011bj\u0161\u00edmu oble\u010den\u00ed.  A co dopl\u0148ky? Mezi dopl\u0148ky ve va\u0161em \u0161atn\u00edku by rozhodn\u011b nem\u011bly chyb\u011bt kabelky, psan\u00ed\u010dka, \u0161\u00e1ly a \u0161\u00e1tky, kter\u00e9 vylad\u00ed v\u00e1\u0161 outfit, kter\u00fd tak nebude p\u016fsobit oby\u010dejn\u00fdm a v\u0161edn\u00edm dojmem. Vyrazte si sama nebo s kamar\u00e1dkou na n\u00e1kupu, prov\u011btrejte va\u0161i pen\u011b\u017eenku a dopl\u0148te v\u00e1\u0161 \u0161atn\u00edk o nov\u00e9 trendy kousky, kter\u00e9 se v\u00e1m budou skv\u011ble nosit, o\u017eiv\u00ed v\u00e1\u0161 outfit a zv\u00fd\u0161\u00ed v\u00e1m sebev\u011bdom\u00ed.                                                                                                                                                                                                                                                                                                                                                                                         4.6\/5 - (7 votes)        "},{"@context":"https:\/\/schema.org\/","@type":"BreadcrumbList","itemListElement":[{"@type":"ListItem","position":1,"name":"Jak\u00e9 oble\u010den\u00ed a vzory by nem\u011bly chyb\u011bt ve va\u0161em jarn\u00edm a letn\u00edm \u0161atn\u00edku","item":"https:\/\/www.mabico.cz\/jake-obleceni-a-vzory-by-nemely-chybet-ve-vasem-jarnim-a-letnim-satniku\/#breadcrumbitem"}]}]