[{"@context":"https:\/\/schema.org\/","@type":"Article","@id":"https:\/\/www.mabico.cz\/nejvice-poptavane-firmy-na-trhu\/#Article","mainEntityOfPage":"https:\/\/www.mabico.cz\/nejvice-poptavane-firmy-na-trhu\/","headline":"Nejv\u00edce popt\u00e1van\u00e9 firmy na trhu","name":"Nejv\u00edce popt\u00e1van\u00e9 firmy na trhu","description":"Za\u010dali byste r\u00e1di podnikat a zaj\u00edm\u00e1 V\u00e1s proto, jak\u00e1 je v sou\u010dasnosti nejv\u00fdhodn\u011bj\u0161\u00ed forma podnik\u00e1n\u00ed v \u010cesku a zdali se li\u0161\u00ed od nejobl\u00edben\u011bj\u0161\u00ed formy podnik\u00e1n\u00ed? Pak V\u00e1m velmi r\u00e1di na tuto ot\u00e1zku odpov\u00edme, proto\u017ee se zab\u00fdv\u00e1me zakl\u00e1d\u00e1n\u00edm firem. Nejobl\u00edben\u011bj\u0161\u00ed forma podnik\u00e1n\u00ed, a z\u00e1rove\u0148 tak\u00e9 z podnikatelsk\u00e9ho pohledu nejv\u00fdhodn\u011bj\u0161\u00ed, je takzvan\u00e1<a class=\"read-more\" href=\"https:\/\/www.mabico.cz\/nejvice-poptavane-firmy-na-trhu\/\"> ( more... )<\/a>","datePublished":"2025-08-29","dateModified":"2025-08-29","author":{"@type":"Person","@id":"https:\/\/www.mabico.cz\/author\/#Person","name":"","url":"https:\/\/www.mabico.cz\/author\/","identifier":1,"image":{"@type":"ImageObject","@id":"https:\/\/secure.gravatar.com\/avatar\/69bd9b72104e3ccfb6214cbd23cb226f96c6ecf33a2a351fa1d4682235118df3?s=96&d=mm&r=g","url":"https:\/\/secure.gravatar.com\/avatar\/69bd9b72104e3ccfb6214cbd23cb226f96c6ecf33a2a351fa1d4682235118df3?s=96&d=mm&r=g","height":96,"width":96}},"publisher":{"@type":"Organization","name":"mabico.cz","logo":{"@type":"ImageObject","@id":"\/logo.png","url":"\/logo.png","width":600,"height":60}},"url":"https:\/\/www.mabico.cz\/nejvice-poptavane-firmy-na-trhu\/","wordCount":185,"articleBody":"Za\u010dali byste r\u00e1di podnikat a zaj\u00edm\u00e1 V\u00e1s proto, jak\u00e1 je v sou\u010dasnosti nejv\u00fdhodn\u011bj\u0161\u00ed forma podnik\u00e1n\u00ed v \u010cesku a zdali se li\u0161\u00ed od nejobl\u00edben\u011bj\u0161\u00ed formy podnik\u00e1n\u00ed? Pak V\u00e1m velmi r\u00e1di na tuto ot\u00e1zku odpov\u00edme, proto\u017ee se zab\u00fdv\u00e1me zakl\u00e1d\u00e1n\u00edm firem. Nejobl\u00edben\u011bj\u0161\u00ed forma podnik\u00e1n\u00ed, a z\u00e1rove\u0148 tak\u00e9 z podnikatelsk\u00e9ho pohledu nejv\u00fdhodn\u011bj\u0161\u00ed, je takzvan\u00e1 p\u0159edzalo\u017een\u00e1 ready made sro, kterou m\u016f\u017eete po\u0159\u00eddit samoz\u0159ejm\u011b i u n\u00e1s. Nen\u00ed obl\u00edben\u011bj\u0161\u00ed forma podnik\u00e1n\u00ed V \u010cesk\u00e9 republice nen\u00ed v sou\u010dasnosti obl\u00edben\u011bj\u0161\u00ed forma podnik\u00e1n\u00ed, ne\u017e je p\u0159edzalo\u017een\u00e1 ready made sro. Po\u0159\u00edzen\u00ed takov\u00e9 firmy nen\u00ed finan\u010dn\u011b v\u016fbec n\u00e1ro\u010dn\u00e9 a zat\u011b\u017euj\u00edc\u00ed, struktura firmy nen\u00ed p\u0159\u00edli\u0161 slo\u017eit\u00e1 ani z administrativn\u00edho a posl\u00e9ze ani z \u00fa\u010detn\u00edho hlediska a ani st\u00e1t nem\u00e1 \u017e\u00e1dn\u00e9 zvl\u00e1\u0161tn\u00ed po\u017eadavky na provoz a chod t\u00e9to firmy, respektive t\u00e9to formy podnik\u00e1n\u00ed jako pr\u00e1vnick\u00e9 osoby.                                                                                                                                                                                                                                                                                                                                                                                                "},{"@context":"https:\/\/schema.org\/","@type":"BreadcrumbList","itemListElement":[{"@type":"ListItem","position":1,"name":"Nejv\u00edce popt\u00e1van\u00e9 firmy na trhu","item":"https:\/\/www.mabico.cz\/nejvice-poptavane-firmy-na-trhu\/#breadcrumbitem"}]}]