[{"@context":"https:\/\/schema.org\/","@type":"Article","@id":"https:\/\/www.mabico.cz\/ocista-a-priprava-auta-na-sezonu-je-dulezita\/#Article","mainEntityOfPage":"https:\/\/www.mabico.cz\/ocista-a-priprava-auta-na-sezonu-je-dulezita\/","headline":"O\u010dista a p\u0159\u00edprava auta na sez\u00f3nu je d\u016fle\u017eit\u00e1","name":"O\u010dista a p\u0159\u00edprava auta na sez\u00f3nu je d\u016fle\u017eit\u00e1","description":"V zim\u011b dostane ka\u017ed\u00e9 auto p\u011bkn\u011b zabrat. St\u0159\u00edd\u00e1n\u00ed venkovn\u00edch teplot, s\u016fl nebo jin\u00e9 chemick\u00e9 o\u0161et\u0159en\u00ed silnic, p\u0159\u00edpadn\u011b \u0161t\u011brk, ned\u011blaj\u00ed rozhodn\u011b dob\u0159e karoserii ani podvozku automobilu. Pokud chceme p\u0159ipravit na\u0161eho plechov\u00e9ho mil\u00e1\u010dka na sez\u00f3nu, aby n\u00e1m v\u011brn\u011b slou\u017eil, tak n\u00e1s \u010dek\u00e1 skute\u010dn\u011b mnoho pr\u00e1ce. V jeho \u00fadr\u017eb\u011b mus\u00edme b\u00fdt d\u016fsledn\u00ed. V<a class=\"read-more\" href=\"https:\/\/www.mabico.cz\/ocista-a-priprava-auta-na-sezonu-je-dulezita\/\"> ( more... )<\/a>","datePublished":"2018-08-01","dateModified":"2023-04-29","author":{"@type":"Person","@id":"https:\/\/www.mabico.cz\/author\/#Person","name":"","url":"https:\/\/www.mabico.cz\/author\/","identifier":1,"image":{"@type":"ImageObject","@id":"https:\/\/secure.gravatar.com\/avatar\/69bd9b72104e3ccfb6214cbd23cb226f96c6ecf33a2a351fa1d4682235118df3?s=96&d=mm&r=g","url":"https:\/\/secure.gravatar.com\/avatar\/69bd9b72104e3ccfb6214cbd23cb226f96c6ecf33a2a351fa1d4682235118df3?s=96&d=mm&r=g","height":96,"width":96}},"publisher":{"@type":"Organization","name":"mabico.cz","logo":{"@type":"ImageObject","@id":"\/logo.png","url":"\/logo.png","width":600,"height":60}},"image":{"@type":"ImageObject","@id":"https:\/\/www.mabico.cz\/wp-content\/uploads\/img_a323100_w2378_t1534881884.jpg","url":"https:\/\/www.mabico.cz\/wp-content\/uploads\/img_a323100_w2378_t1534881884.jpg","height":0,"width":0},"url":"https:\/\/www.mabico.cz\/ocista-a-priprava-auta-na-sezonu-je-dulezita\/","about":["Mu\u017ei"],"wordCount":441,"articleBody":"V zim\u011b dostane ka\u017ed\u00e9 auto p\u011bkn\u011b zabrat. St\u0159\u00edd\u00e1n\u00ed venkovn\u00edch teplot, s\u016fl nebo jin\u00e9 chemick\u00e9 o\u0161et\u0159en\u00ed silnic, p\u0159\u00edpadn\u011b \u0161t\u011brk, ned\u011blaj\u00ed rozhodn\u011b dob\u0159e karoserii ani podvozku automobilu. Pokud chceme p\u0159ipravit na\u0161eho plechov\u00e9ho mil\u00e1\u010dka na sez\u00f3nu, aby n\u00e1m v\u011brn\u011b slou\u017eil, tak n\u00e1s \u010dek\u00e1 skute\u010dn\u011b mnoho pr\u00e1ce. V jeho \u00fadr\u017eb\u011b mus\u00edme b\u00fdt d\u016fsledn\u00ed. V podstat\u011b nejde o to, \u017ee bychom s n\u00edm nemohli nad\u00e1le bez probl\u00e9m\u016f jezdit, to ano, ale \u00fadr\u017ebou si zajist\u00edme del\u0161\u00ed \u017eivotnost a nav\u00edc si budeme jisti, \u017ee m\u00e1me auto, do kter\u00e9ho sed\u00e1me, naprosto v po\u0159\u00e1dku. Nav\u00edc p\u0159ipravit auto na letn\u00ed sez\u00f3nu nespo\u010d\u00edv\u00e1 pouze ve v\u00fdm\u011bn\u011b pneumatik.Auto je t\u0159eba po\u0159\u00e1dn\u011b o\u0161et\u0159it &#8211; Nikdy nesm\u00edme podce\u0148ovat pravideln\u00e9 myt\u00ed, ale to u\u017e b\u011bhem zimy. Jen je lep\u0161\u00ed se vyvarovat myt\u00ed v dob\u011b, kdy mrzne, mohli bychom si poni\u010dit lak. Ide\u00e1ln\u00ed je umyt\u00ed 1x za 14 dn\u016f zven\u010d\u00ed a m\u011bs\u00ed\u010dn\u011b i zevnit\u0159. &#8211; Nem\u011bli bychom podce\u0148ovat aplikaci ochrann\u00e9ho vosku, kter\u00fd n\u00e1m zajist\u00ed o\u0161et\u0159en\u00ed karoserie. &#8211; Kola a podvozek skute\u010dn\u011b hodn\u011b trp\u00ed a tak si zaslou\u017e\u00ed po\u0159\u00e1dn\u00e9 umyt\u00ed od soli a ne\u010distot. Je dobr\u00e9 se zam\u011b\u0159it i na disky. Pokud je budeme usklad\u0148ovat na dal\u0161\u00ed zimu, tak je dobr\u00e9 je um\u00fdt a \u010dist\u00e9 uschovat, jinak by je s\u016fl mohla po\u0161kodit. &#8211; P\u0159i o\u010dist\u011b se nesm\u00ed zapomenout ani na vnit\u0159n\u00ed vyle\u0161t\u011bn\u00ed oken, vy\u010distit \u010daloun\u011bn\u00ed a plasty. P\u0159ece nejde um\u00fdt jen zven\u010d\u00ed a zbytek skutek utekl, jak se \u0159\u00edk\u00e1. Nebo star\u00e9 po\u0159ekadlo prav\u00ed: \u201ezvenku huj a uvnit\u0159 fuj.\u201c Ono \u0161p\u00ednu a s\u016fl i dovnit\u0159 naneseme snadno. &#8211; A co klimatizace? Nebudeme si nalh\u00e1vat, \u017ee je takov\u00fdm lapa\u010dem a tak se tu da\u0159\u00ed pl\u00edsn\u00edm a bakteri\u00edm. Samoz\u0159ejm\u011b je ide\u00e1ln\u00ed j\u00ed nechat p\u0159ed l\u00e9tem vydezinfikovat. \u0160ikovn\u011bj\u0161\u00ed majitel\u00e9 aut si tento proces mohou prov\u00e9st sami. Pro ostatn\u00ed je mo\u017enost vyu\u017e\u00edt expresn\u00ed my\u010dky nebo zajet do servisu, kde z\u00e1rove\u0148 zkontroluj\u00ed i stav, p\u0159\u00edpadn\u011b dopln\u00ed, aby byla klimatizace pln\u011b funk\u010dn\u00ed do tropick\u00fdch teplot. &#8211; Zkontrolovat provozn\u00ed kapaliny. Vym\u011bnit zimn\u00ed nemrznouc\u00ed sm\u011bs za letn\u00ed, pod\u00edvat se, jak na tom jsme s olejem a hlavn\u011b p\u0159ekontrolovat stav \u017e\u00e1rovek, bez kvalitn\u00edho sv\u00edcen\u00ed bychom si m\u011bli hodn\u011b rozmyslet, zdali v\u016fbec vyjet z gar\u00e1\u017ee.                                                                                                                                                                                                                                                                                                                                                                                        4.7\/5 - (6 votes)        "},{"@context":"https:\/\/schema.org\/","@type":"BreadcrumbList","itemListElement":[{"@type":"ListItem","position":1,"name":"O\u010dista a p\u0159\u00edprava auta na sez\u00f3nu je d\u016fle\u017eit\u00e1","item":"https:\/\/www.mabico.cz\/ocista-a-priprava-auta-na-sezonu-je-dulezita\/#breadcrumbitem"}]}]