[{"@context":"https:\/\/schema.org\/","@type":"Article","@id":"https:\/\/www.mabico.cz\/originalni-bryle-a-vyuziti-pouzdra\/#Article","mainEntityOfPage":"https:\/\/www.mabico.cz\/originalni-bryle-a-vyuziti-pouzdra\/","headline":"Origin\u00e1ln\u00ed br\u00fdle a vyu\u017eit\u00ed pouzdra","name":"Origin\u00e1ln\u00ed br\u00fdle a vyu\u017eit\u00ed pouzdra","description":"No\u0161en\u00ed br\u00fdl\u00ed je v dne\u0161n\u00ed dob\u011b u\u017e velmi roz\u0161\u00ed\u0159en\u00e9. Lid\u00e9 se neboj\u00ed nosit slune\u010dn\u00ed br\u00fdle a naopak je nos\u00ed i jako m\u00f3dn\u00ed a estetick\u00fd dopln\u011bk. Kvalitn\u00ed br\u00fdle s dobrou ochranou UV z\u00e1\u0159en\u00ed, tak chr\u00e1n\u00ed n\u00e1\u0161 zrak. Br\u00fdle jsou vhodn\u00e9 nosit po cel\u00fd rok. Proto\u017ee i kdy\u017e je slunce pod mrakem,<a class=\"read-more\" href=\"https:\/\/www.mabico.cz\/originalni-bryle-a-vyuziti-pouzdra\/\"> ( more... )<\/a>","datePublished":"2022-04-10","dateModified":"2023-04-29","author":{"@type":"Person","@id":"https:\/\/www.mabico.cz\/author\/#Person","name":"","url":"https:\/\/www.mabico.cz\/author\/","identifier":1,"image":{"@type":"ImageObject","@id":"https:\/\/secure.gravatar.com\/avatar\/69bd9b72104e3ccfb6214cbd23cb226f96c6ecf33a2a351fa1d4682235118df3?s=96&d=mm&r=g","url":"https:\/\/secure.gravatar.com\/avatar\/69bd9b72104e3ccfb6214cbd23cb226f96c6ecf33a2a351fa1d4682235118df3?s=96&d=mm&r=g","height":96,"width":96}},"publisher":{"@type":"Organization","name":"mabico.cz","logo":{"@type":"ImageObject","@id":"\/logo.png","url":"\/logo.png","width":600,"height":60}},"image":{"@type":"ImageObject","@id":"https:\/\/www.mabico.cz\/wp-content\/uploads\/woman-g31126eb17_640.jpg","url":"https:\/\/www.mabico.cz\/wp-content\/uploads\/woman-g31126eb17_640.jpg","height":0,"width":0},"url":"https:\/\/www.mabico.cz\/originalni-bryle-a-vyuziti-pouzdra\/","about":["Produkty"],"wordCount":458,"articleBody":"   No\u0161en\u00ed br\u00fdl\u00ed je v dne\u0161n\u00ed dob\u011b u\u017e velmi roz\u0161\u00ed\u0159en\u00e9. Lid\u00e9 se neboj\u00ed nosit slune\u010dn\u00ed br\u00fdle a naopak je nos\u00ed i jako m\u00f3dn\u00ed a estetick\u00fd dopln\u011bk. Kvalitn\u00ed br\u00fdle s dobrou ochranou UV z\u00e1\u0159en\u00ed, tak chr\u00e1n\u00ed n\u00e1\u0161 zrak. Br\u00fdle jsou vhodn\u00e9 nosit po cel\u00fd rok. Proto\u017ee i kdy\u017e je slunce pod mrakem, tak st\u00e1le propou\u0161t\u00ed dan\u00e9 paprsky. Ale zvykem u n\u00e1s b\u00fdv\u00e1, \u017ee jsou slune\u010dn\u00ed br\u00fdle no\u0161en\u00e9 hlavn\u011b v l\u00e9t\u011b \u010di na hor\u00e1ch i v zimn\u00edch m\u011bs\u00edc\u00edch.Slune\u010dn\u00ed br\u00fdle jsou po\u0159izovan\u00e9 tak\u00e9 mal\u00fdm d\u011btem. Ale tady je t\u0159eba d\u00e1vat pozor. U mal\u00fdch d\u011bt\u00ed je d\u016fle\u017eit\u00e9, aby se jejich oko nau\u010dilo spr\u00e1vn\u011b a vhodn\u011b reagovat na slune\u010dn\u00ed z\u00e1\u0159en\u00ed. Je tak vhodn\u011bj\u0161\u00ed hned nepou\u017e\u00edvat slune\u010dn\u00ed br\u00fdle, ale naopak pou\u017e\u00edvat ochranu hlavy, kter\u00e1 ochr\u00e1n\u00ed i obli\u010dej a krk.\u017deny i mu\u017ei v dne\u0161n\u00ed dob\u011b pou\u017e\u00edvaj\u00ed br\u00fdle i z estetick\u00e9ho hlediska. Z nab\u00eddky je tak mo\u017en\u00e9 si vybrat r\u016fzn\u011b tvarovan\u00e9 i barevn\u00e9 br\u00fdle, kter\u00e9 sednou na dan\u00fd typ obli\u010deje, budou ladit k vlas\u016fm i k oble\u010den\u00ed. Je tak\u00e9 mo\u017en\u00e9 si po\u0159\u00eddit i origin\u00e1ln\u00ed a designov\u00e1 pouzdra na br\u00fdle. Ochrana br\u00fdl\u00ed je velmi d\u016fle\u017eit\u00e1 a praktick\u00e1. Lze tak br\u00fdle m\u00edt neust\u00e1le p\u0159i sob\u011b v batohu, kabelce i v aut\u011b. M\u00edt slune\u010dn\u00ed br\u00fdle p\u0159ipraven\u00e9 v aut\u011b je velmi praktick\u00e9 a zodpov\u011bdn\u00e9. Do auta se hod\u00ed i polariza\u010dn\u00ed slune\u010dn\u00ed br\u00fdle. Ostr\u00e9 slunce, mokr\u00e1 vozovka dok\u00e1\u017eou velmi sn\u00ed\u017eit viditelnost a potr\u00e1pit \u0159idi\u010de. Vhodn\u00e9 br\u00fdle v\u00e1m s t\u00edmto pomohou a m\u016f\u017eou pomoci p\u0159edej\u00edt dopravn\u00ed nehod\u011b. Br\u00fdle jsou tak velk\u00fdm pomocn\u00edkem, za kter\u00e9ho se rozhodn\u011b nemus\u00edte styd\u011bt. I pokud nenos\u00edte dioptrick\u00e9 br\u00fdle, tak br\u00fdle slune\u010dn\u00ed rozhodn\u011b nosit m\u016f\u017eete. Naopak n\u011bkdo uv\u00edt\u00e1, \u017ee m\u016f\u017ee nosit n\u011bjak\u00e9 br\u00fdle, proto\u017ee v nich vypad\u00e1 dob\u0159e a je to p\u0159\u00edjemn\u00e1 zm\u011bna. N\u011bkdo se r\u00e1d takzvan\u011b schov\u00e1 za tmav\u00e1 skl\u00ed\u010dka. Ale zde je t\u0159eba nezapom\u00ednat si slune\u010dn\u00ed br\u00fdle sundat, pokud s n\u011bk\u00fdm hovo\u0159\u00edte, aby v\u00e1m vid\u011bl do obli\u010deje a o\u010d\u00ed. Je t\u0159eba tak nezapom\u00ednat na slu\u0161nost i v tomto p\u0159\u00edpad\u011b. Tak\u00e9 v restauraci se hod\u00ed br\u00fdle schovat do pouzdra a kabelky ned\u00e1vat si je na hlavu.                                                                                                                                                                                                                                                                                                                                                                                          4.2\/5 - (12 votes)        "},{"@context":"https:\/\/schema.org\/","@type":"BreadcrumbList","itemListElement":[{"@type":"ListItem","position":1,"name":"Origin\u00e1ln\u00ed br\u00fdle a vyu\u017eit\u00ed pouzdra","item":"https:\/\/www.mabico.cz\/originalni-bryle-a-vyuziti-pouzdra\/#breadcrumbitem"}]}]