[{"@context":"https:\/\/schema.org\/","@type":"Blog","@id":"https:\/\/www.mabico.cz#Blog","headline":"Mabico","description":"\nPokud plat\u00ed v\u0161eobecn\u011b roz\u0161\u00ed\u0159en\u00e1 moudrost, \u017ee je vesel\u00e1 mysl p\u016fl zdrav\u00ed, pak je n\u00e1m na na\u0161\u00ed internetov\u00e9 str\u00e1nce ct\u00ed b\u00fdt va\u0161imi polovi\u010dn\u00edmi doktory.","url":"https:\/\/www.mabico.cz","hasPart":[{"@type":"Article","@id":"https:\/\/www.mabico.cz\/posilujte-testosteron-jinak-nez-byva-zvykem\/","headline":"Posilujte testosteron jinak, ne\u017e b\u00fdv\u00e1 zvykem","url":"https:\/\/www.mabico.cz\/posilujte-testosteron-jinak-nez-byva-zvykem\/","datePublished":"2023-10-23","dateModified":"2023-12-14","mainEntityOfPage":"https:\/\/www.mabico.cz\/posilujte-testosteron-jinak-nez-byva-zvykem\/","author":{"@type":"Person","@id":"https:\/\/www.mabico.cz\/author\/#Person","name":"","url":"https:\/\/www.mabico.cz\/author\/","identifier":1,"image":{"@type":"ImageObject","@id":"https:\/\/secure.gravatar.com\/avatar\/69bd9b72104e3ccfb6214cbd23cb226f96c6ecf33a2a351fa1d4682235118df3?s=96&d=mm&r=g","url":"https:\/\/secure.gravatar.com\/avatar\/69bd9b72104e3ccfb6214cbd23cb226f96c6ecf33a2a351fa1d4682235118df3?s=96&d=mm&r=g","height":96,"width":96}},"publisher":{"@type":"Organization","name":"mabico.cz","logo":{"@type":"ImageObject","@id":"\/logo.png","url":"\/logo.png","width":600,"height":60}},"image":{"@type":"ImageObject","@id":"https:\/\/www.mabico.cz\/wp-content\/uploads\/lovers-4586339_640.jpg","url":"https:\/\/www.mabico.cz\/wp-content\/uploads\/lovers-4586339_640.jpg","height":0,"width":0},"wordCount":531,"keywords":null},{"@type":"Article","@id":"https:\/\/www.mabico.cz\/s-pujcovnou-kostymu-v-praze-se-muzete-stat-kymkoliv-chcete\/","headline":"S p\u016fj\u010dovnou kost\u00fdm\u016f v Praze se m\u016f\u017eete st\u00e1t, k\u00fdmkoliv chcete","url":"https:\/\/www.mabico.cz\/s-pujcovnou-kostymu-v-praze-se-muzete-stat-kymkoliv-chcete\/","datePublished":"2023-09-27","dateModified":"2023-09-27","mainEntityOfPage":"https:\/\/www.mabico.cz\/s-pujcovnou-kostymu-v-praze-se-muzete-stat-kymkoliv-chcete\/","author":{"@type":"Person","@id":"https:\/\/www.mabico.cz\/author\/#Person","name":"","url":"https:\/\/www.mabico.cz\/author\/","identifier":1,"image":{"@type":"ImageObject","@id":"https:\/\/secure.gravatar.com\/avatar\/69bd9b72104e3ccfb6214cbd23cb226f96c6ecf33a2a351fa1d4682235118df3?s=96&d=mm&r=g","url":"https:\/\/secure.gravatar.com\/avatar\/69bd9b72104e3ccfb6214cbd23cb226f96c6ecf33a2a351fa1d4682235118df3?s=96&d=mm&r=g","height":96,"width":96}},"publisher":{"@type":"Organization","name":"mabico.cz","logo":{"@type":"ImageObject","@id":"\/logo.png","url":"\/logo.png","width":600,"height":60}},"image":null,"wordCount":287,"keywords":null},{"@type":"Article","@id":"https:\/\/www.mabico.cz\/doprejte-si-to-nejlepsi\/","headline":"Dop\u0159ejte si to nejlep\u0161\u00ed","url":"https:\/\/www.mabico.cz\/doprejte-si-to-nejlepsi\/","datePublished":"2023-08-17","dateModified":"2023-08-17","mainEntityOfPage":"https:\/\/www.mabico.cz\/doprejte-si-to-nejlepsi\/","author":{"@type":"Person","@id":"https:\/\/www.mabico.cz\/author\/#Person","name":"","url":"https:\/\/www.mabico.cz\/author\/","identifier":1,"image":{"@type":"ImageObject","@id":"https:\/\/secure.gravatar.com\/avatar\/69bd9b72104e3ccfb6214cbd23cb226f96c6ecf33a2a351fa1d4682235118df3?s=96&d=mm&r=g","url":"https:\/\/secure.gravatar.com\/avatar\/69bd9b72104e3ccfb6214cbd23cb226f96c6ecf33a2a351fa1d4682235118df3?s=96&d=mm&r=g","height":96,"width":96}},"publisher":{"@type":"Organization","name":"mabico.cz","logo":{"@type":"ImageObject","@id":"\/logo.png","url":"\/logo.png","width":600,"height":60}},"image":null,"wordCount":282,"keywords":null},{"@type":"Article","@id":"https:\/\/www.mabico.cz\/stehovani-se-neni-trest\/","headline":"St\u011bhov\u00e1n\u00ed se nen\u00ed trest","url":"https:\/\/www.mabico.cz\/stehovani-se-neni-trest\/","datePublished":"2023-07-15","dateModified":"2023-10-10","mainEntityOfPage":"https:\/\/www.mabico.cz\/stehovani-se-neni-trest\/","author":{"@type":"Person","@id":"https:\/\/www.mabico.cz\/author\/#Person","name":"","url":"https:\/\/www.mabico.cz\/author\/","identifier":1,"image":{"@type":"ImageObject","@id":"https:\/\/secure.gravatar.com\/avatar\/69bd9b72104e3ccfb6214cbd23cb226f96c6ecf33a2a351fa1d4682235118df3?s=96&d=mm&r=g","url":"https:\/\/secure.gravatar.com\/avatar\/69bd9b72104e3ccfb6214cbd23cb226f96c6ecf33a2a351fa1d4682235118df3?s=96&d=mm&r=g","height":96,"width":96}},"publisher":{"@type":"Organization","name":"mabico.cz","logo":{"@type":"ImageObject","@id":"\/logo.png","url":"\/logo.png","width":600,"height":60}},"image":{"@type":"ImageObject","@id":"https:\/\/www.mabico.cz\/wp-content\/uploads\/sssss_6.jpg","url":"https:\/\/www.mabico.cz\/wp-content\/uploads\/sssss_6.jpg","height":0,"width":0},"wordCount":605,"keywords":null},{"@type":"Article","@id":"https:\/\/www.mabico.cz\/moderni-a-kvalitni-provedeni-zamkove-ci-strojni-dlazby-vyuzijte-i-vy\/","headline":"Modern\u00ed a kvalitn\u00ed proveden\u00ed z\u00e1mkov\u00e9 \u010di strojn\u00ed dla\u017eby vyu\u017eijte i vy","url":"https:\/\/www.mabico.cz\/moderni-a-kvalitni-provedeni-zamkove-ci-strojni-dlazby-vyuzijte-i-vy\/","datePublished":"2023-07-10","dateModified":"2023-07-10","mainEntityOfPage":"https:\/\/www.mabico.cz\/moderni-a-kvalitni-provedeni-zamkove-ci-strojni-dlazby-vyuzijte-i-vy\/","author":{"@type":"Person","@id":"https:\/\/www.mabico.cz\/author\/#Person","name":"","url":"https:\/\/www.mabico.cz\/author\/","identifier":1,"image":{"@type":"ImageObject","@id":"https:\/\/secure.gravatar.com\/avatar\/69bd9b72104e3ccfb6214cbd23cb226f96c6ecf33a2a351fa1d4682235118df3?s=96&d=mm&r=g","url":"https:\/\/secure.gravatar.com\/avatar\/69bd9b72104e3ccfb6214cbd23cb226f96c6ecf33a2a351fa1d4682235118df3?s=96&d=mm&r=g","height":96,"width":96}},"publisher":{"@type":"Organization","name":"mabico.cz","logo":{"@type":"ImageObject","@id":"\/logo.png","url":"\/logo.png","width":600,"height":60}},"image":null,"wordCount":261,"keywords":null},{"@type":"Article","@id":"https:\/\/www.mabico.cz\/nadherna-priroda-na-dosah\/","headline":"N\u00e1dhern\u00e1 p\u0159\u00edroda na dosah","url":"https:\/\/www.mabico.cz\/nadherna-priroda-na-dosah\/","datePublished":"2023-06-03","dateModified":"2024-06-07","mainEntityOfPage":"https:\/\/www.mabico.cz\/nadherna-priroda-na-dosah\/","author":{"@type":"Person","@id":"https:\/\/www.mabico.cz\/author\/#Person","name":"","url":"https:\/\/www.mabico.cz\/author\/","identifier":1,"image":{"@type":"ImageObject","@id":"https:\/\/secure.gravatar.com\/avatar\/69bd9b72104e3ccfb6214cbd23cb226f96c6ecf33a2a351fa1d4682235118df3?s=96&d=mm&r=g","url":"https:\/\/secure.gravatar.com\/avatar\/69bd9b72104e3ccfb6214cbd23cb226f96c6ecf33a2a351fa1d4682235118df3?s=96&d=mm&r=g","height":96,"width":96}},"publisher":{"@type":"Organization","name":"mabico.cz","logo":{"@type":"ImageObject","@id":"\/logo.png","url":"\/logo.png","width":600,"height":60}},"image":null,"wordCount":265,"keywords":null},{"@type":"Article","@id":"https:\/\/www.mabico.cz\/krehke-nebo-odolne\/","headline":"K\u0159ehk\u00e9 nebo odoln\u00e9?","url":"https:\/\/www.mabico.cz\/krehke-nebo-odolne\/","datePublished":"2023-05-21","dateModified":"2023-07-24","mainEntityOfPage":"https:\/\/www.mabico.cz\/krehke-nebo-odolne\/","author":{"@type":"Person","@id":"https:\/\/www.mabico.cz\/author\/#Person","name":"","url":"https:\/\/www.mabico.cz\/author\/","identifier":1,"image":{"@type":"ImageObject","@id":"https:\/\/secure.gravatar.com\/avatar\/69bd9b72104e3ccfb6214cbd23cb226f96c6ecf33a2a351fa1d4682235118df3?s=96&d=mm&r=g","url":"https:\/\/secure.gravatar.com\/avatar\/69bd9b72104e3ccfb6214cbd23cb226f96c6ecf33a2a351fa1d4682235118df3?s=96&d=mm&r=g","height":96,"width":96}},"publisher":{"@type":"Organization","name":"mabico.cz","logo":{"@type":"ImageObject","@id":"\/logo.png","url":"\/logo.png","width":600,"height":60}},"image":{"@type":"ImageObject","@id":"https:\/\/www.mabico.cz\/wp-content\/uploads\/pexels-laura-tancredi-7078884_1.jpg","url":"https:\/\/www.mabico.cz\/wp-content\/uploads\/pexels-laura-tancredi-7078884_1.jpg","height":0,"width":0},"wordCount":594,"keywords":null},{"@type":"Article","@id":"https:\/\/www.mabico.cz\/digitalni-podnikani\/","headline":"Digit\u00e1ln\u00ed podnik\u00e1n\u00ed","url":"https:\/\/www.mabico.cz\/digitalni-podnikani\/","datePublished":"2023-05-14","dateModified":"2023-06-19","mainEntityOfPage":"https:\/\/www.mabico.cz\/digitalni-podnikani\/","author":{"@type":"Person","@id":"https:\/\/www.mabico.cz\/author\/#Person","name":"","url":"https:\/\/www.mabico.cz\/author\/","identifier":1,"image":{"@type":"ImageObject","@id":"https:\/\/secure.gravatar.com\/avatar\/69bd9b72104e3ccfb6214cbd23cb226f96c6ecf33a2a351fa1d4682235118df3?s=96&d=mm&r=g","url":"https:\/\/secure.gravatar.com\/avatar\/69bd9b72104e3ccfb6214cbd23cb226f96c6ecf33a2a351fa1d4682235118df3?s=96&d=mm&r=g","height":96,"width":96}},"publisher":{"@type":"Organization","name":"mabico.cz","logo":{"@type":"ImageObject","@id":"\/logo.png","url":"\/logo.png","width":600,"height":60}},"image":{"@type":"ImageObject","@id":"https:\/\/www.mabico.cz\/wp-content\/uploads\/code-g8dc6ed7b1_640_6.jpg","url":"https:\/\/www.mabico.cz\/wp-content\/uploads\/code-g8dc6ed7b1_640_6.jpg","height":0,"width":0},"wordCount":533,"keywords":null},{"@type":"Article","@id":"https:\/\/www.mabico.cz\/jak-pecovat-o-sve-nehty\/","headline":"Jak pe\u010dovat o sv\u00e9 nehty","url":"https:\/\/www.mabico.cz\/jak-pecovat-o-sve-nehty\/","datePublished":"2023-04-29","dateModified":"2023-04-29","mainEntityOfPage":"https:\/\/www.mabico.cz\/jak-pecovat-o-sve-nehty\/","author":{"@type":"Person","@id":"https:\/\/www.mabico.cz\/author\/#Person","name":"","url":"https:\/\/www.mabico.cz\/author\/","identifier":1,"image":{"@type":"ImageObject","@id":"https:\/\/secure.gravatar.com\/avatar\/69bd9b72104e3ccfb6214cbd23cb226f96c6ecf33a2a351fa1d4682235118df3?s=96&d=mm&r=g","url":"https:\/\/secure.gravatar.com\/avatar\/69bd9b72104e3ccfb6214cbd23cb226f96c6ecf33a2a351fa1d4682235118df3?s=96&d=mm&r=g","height":96,"width":96}},"publisher":{"@type":"Organization","name":"mabico.cz","logo":{"@type":"ImageObject","@id":"\/logo.png","url":"\/logo.png","width":600,"height":60}},"image":null,"wordCount":483,"keywords":null},{"@type":"Article","@id":"https:\/\/www.mabico.cz\/estetika-a-zdravi-v-jednom-produktu\/","headline":"Estetika a zdrav\u00ed v jednom produktu","url":"https:\/\/www.mabico.cz\/estetika-a-zdravi-v-jednom-produktu\/","datePublished":"2023-04-17","dateModified":"2024-04-18","mainEntityOfPage":"https:\/\/www.mabico.cz\/estetika-a-zdravi-v-jednom-produktu\/","author":{"@type":"Person","@id":"https:\/\/www.mabico.cz\/author\/#Person","name":"","url":"https:\/\/www.mabico.cz\/author\/","identifier":1,"image":{"@type":"ImageObject","@id":"https:\/\/secure.gravatar.com\/avatar\/69bd9b72104e3ccfb6214cbd23cb226f96c6ecf33a2a351fa1d4682235118df3?s=96&d=mm&r=g","url":"https:\/\/secure.gravatar.com\/avatar\/69bd9b72104e3ccfb6214cbd23cb226f96c6ecf33a2a351fa1d4682235118df3?s=96&d=mm&r=g","height":96,"width":96}},"publisher":{"@type":"Organization","name":"mabico.cz","logo":{"@type":"ImageObject","@id":"\/logo.png","url":"\/logo.png","width":600,"height":60}},"image":null,"wordCount":461,"keywords":null}]},{"@context":"https:\/\/schema.org","@type":"WebSite","@id":"https:\/\/www.mabico.cz\/#website","name":"Mabico","url":"https:\/\/www.mabico.cz","potentialAction":{"@type":"SearchAction","target":"https:\/\/www.mabico.cz\/?s={search_term_string}","query-input":"required name=search_term_string"}}]