[{"@context":"https:\/\/schema.org\/","@type":"Article","@id":"https:\/\/www.mabico.cz\/s-ubytovanim-v-lednici-za-historii-kulturou-a-sportem\/#Article","mainEntityOfPage":"https:\/\/www.mabico.cz\/s-ubytovanim-v-lednici-za-historii-kulturou-a-sportem\/","headline":"S ubytov\u00e1n\u00edm v Lednici za histori\u00ed, kulturou a sportem","name":"S ubytov\u00e1n\u00edm v Lednici za histori\u00ed, kulturou a sportem","description":"Lednicko-valtick\u00fd are\u00e1l je v\u00fdznamn\u00e1 historick\u00e1 pam\u00e1tka, zapsan\u00e1 na seznam kulturn\u00edho d\u011bdictv\u00ed UNESCO. Proud\u00ed sem statis\u00edce n\u00e1v\u0161t\u011bvn\u00edk\u016f ka\u017ed\u00fd rok, aby si prohl\u00e9dly z\u00e1mek Lednice s ob\u0159\u00edm sklen\u00edkem a romantick\u00e9 stavby, jako je Minaret, kolon\u00e1da na Reistn\u011b, Apoll\u00f3n\u016fv chr\u00e1m a dal\u0161\u00ed, a z\u00e1rove\u0148 si s ubytov\u00e1n\u00edm Lednice a okol\u00ed nenechali uj\u00edt p\u0159\u00edle\u017eitost<a class=\"read-more\" href=\"https:\/\/www.mabico.cz\/s-ubytovanim-v-lednici-za-historii-kulturou-a-sportem\/\"> ( more... )<\/a>","datePublished":"2021-01-16","dateModified":"2023-04-29","author":{"@type":"Person","@id":"https:\/\/www.mabico.cz\/author\/#Person","name":"","url":"https:\/\/www.mabico.cz\/author\/","identifier":1,"image":{"@type":"ImageObject","@id":"https:\/\/secure.gravatar.com\/avatar\/69bd9b72104e3ccfb6214cbd23cb226f96c6ecf33a2a351fa1d4682235118df3?s=96&d=mm&r=g","url":"https:\/\/secure.gravatar.com\/avatar\/69bd9b72104e3ccfb6214cbd23cb226f96c6ecf33a2a351fa1d4682235118df3?s=96&d=mm&r=g","height":96,"width":96}},"publisher":{"@type":"Organization","name":"mabico.cz","logo":{"@type":"ImageObject","@id":"\/logo.png","url":"\/logo.png","width":600,"height":60}},"image":{"@type":"ImageObject","@id":"https:\/\/www.mabico.cz\/wp-content\/uploads\/z%C3%A1mek%20%20Lednice.jpg","url":"https:\/\/www.mabico.cz\/wp-content\/uploads\/z%C3%A1mek%20%20Lednice.jpg","height":0,"width":0},"url":"https:\/\/www.mabico.cz\/s-ubytovanim-v-lednici-za-historii-kulturou-a-sportem\/","about":["Podnik\u00e1n\u00ed"],"wordCount":458,"articleBody":"Lednicko-valtick\u00fd are\u00e1l je v\u00fdznamn\u00e1 historick\u00e1 pam\u00e1tka, zapsan\u00e1 na seznam kulturn\u00edho d\u011bdictv\u00ed UNESCO. Proud\u00ed sem statis\u00edce n\u00e1v\u0161t\u011bvn\u00edk\u016f ka\u017ed\u00fd rok, aby si prohl\u00e9dly z\u00e1mek Lednice s ob\u0159\u00edm sklen\u00edkem a romantick\u00e9 stavby, jako je Minaret, kolon\u00e1da na Reistn\u011b, Apoll\u00f3n\u016fv chr\u00e1m a dal\u0161\u00ed, a z\u00e1rove\u0148 si s ubytov\u00e1n\u00edm Lednice a okol\u00ed  nenechali uj\u00edt p\u0159\u00edle\u017eitost k ochutn\u00e1vce vina\u0159sk\u00fdch produkt\u016f.Tamn\u00ed krajina v\u0161ak tak\u00e9 umo\u017e\u0148uje voln\u00fd pohyb, rekrea\u010dn\u00ed sportov\u00e1n\u00ed a pohybov\u00e9 aktivity, s nimi\u017e pos\u00edl\u00edme imunitn\u00ed syst\u00e9m, co\u017e je nesm\u00edrn\u011b d\u016fle\u017eit\u00e9 nejen v dne\u0161n\u00ed dob\u011b, kdy se ve\u0161ker\u00e9 d\u011bn\u00ed to\u010d\u00ed kolem jedin\u00e9ho drobn\u00e9ho organismu s n\u00e1zvem Covid-19.CyklostezkyV\u00edte, \u017ee cyklistika je n\u00e1rodn\u00edm sportem, a \u017ee m\u00e1 zna\u010dn\u00fd v\u00fdznam pro na\u0161e zdrav\u00ed? Tedy p\u0159edev\u0161\u00edm cykloturistika v rekrea\u010dn\u00ed podob\u011b, kter\u00e1 p\u0159\u00edzniv\u011b ovliv\u0148uje nejen fyzickou kondici, ale p\u0159edev\u0161\u00edm psychiku. Lednicko-valtick\u00fd are\u00e1l je protk\u00e1n zna\u010den\u00fdmi trasami pro cyklisty, tak toho vyu\u017eijte ve sv\u016fj prosp\u011bch. Krajina nen\u00ed p\u0159\u00edli\u0161 kopcovit\u00e1 a tak si tu na sv\u00e9 p\u0159ijdou i m\u00e9n\u011b zdatn\u00ed cyklist\u00e9.Nau\u010dn\u00e1 stezka bosou nohouNedaleko Valtic je ji\u017e t\u00e9m\u011b\u0159 deset let v provozu p\u011bt kilometr\u016f dlouh\u00e1 stezka, kter\u00e1 v\u00e1m m\u016f\u017ee p\u0159in\u00e9st nev\u0161edn\u00ed z\u00e1\u017eitky, ale p\u0159edev\u0161\u00edm v\u00fdznamn\u011b pos\u00edlit zdrav\u00ed. Jde o p\u0159irozenou reflexn\u00ed terapii, kdy m\u016f\u017eete celou trasu nebo jej\u00ed \u010d\u00e1st proj\u00edt naboso po r\u016fzn\u00e9m typu povrchu, nap\u0159. po obl\u00e1zc\u00edch, \u0161i\u0161k\u00e1ch, smrkov\u00e9 k\u016f\u0159e nebo v p\u00edse\u010dn\u00fdch dun\u00e1ch. D\u0159\u00edve lid\u00e9 chodili bosi mnohem v\u00edce, t\u00edm mas\u00edrovali reflexn\u00ed plo\u0161ky na chodidlech a my se o tuto proceduru zbyte\u010dn\u011b ochuzujeme obouv\u00e1n\u00edm do obuvi.Plaveck\u00fd baz\u00e9n v B\u0159eclaviB\u0159eclavsko pat\u0159\u00ed k nejteplej\u0161\u00edm region\u016fm v \u010cesku, je zde tak\u00e9 nejdel\u0161\u00ed slune\u010dn\u00ed svit, co\u017e v letn\u00edch m\u011bs\u00edc\u00edch umo\u017e\u0148uje zr\u00e1n\u00ed vinn\u00e9 r\u00e9vy, ale tak\u00e9 zah\u0159\u00edv\u00e1n\u00ed vodn\u00edch ploch. Ty samoz\u0159ejm\u011b l\u00e1kaj\u00ed ke koup\u00e1n\u00ed, a toho m\u016f\u017eete vyu\u017e\u00edt bu\u010f na pl\u00e1\u017ei v rekrea\u010dn\u00ed oblasti Pasohl\u00e1vky u novoml\u00fdnsk\u00e9 n\u00e1dr\u017ee, anebo na koupali\u0161ti p\u0159\u00edmo v B\u0159eclavi. Jde o p\u0159\u00edjemn\u00e9 prost\u0159ed\u00ed lesoparku se dv\u011bma baz\u00e9ny. Ten v\u011bt\u0161\u00ed pades\u00e1timetrov\u00fd dopl\u0148uje tobog\u00e1n a dlouh\u00e1 skluzavka, ten men\u0161\u00ed i s brouzdali\u0161t\u011bm je vhodn\u00fd sp\u00ed\u0161e pro maminky s d\u011btmi.                                                                                                                                                                                                                                                                                                                                                                                         3.8\/5 - (11 votes)        "},{"@context":"https:\/\/schema.org\/","@type":"BreadcrumbList","itemListElement":[{"@type":"ListItem","position":1,"name":"S ubytov\u00e1n\u00edm v Lednici za histori\u00ed, kulturou a sportem","item":"https:\/\/www.mabico.cz\/s-ubytovanim-v-lednici-za-historii-kulturou-a-sportem\/#breadcrumbitem"}]}]