[{"@context":"https:\/\/schema.org\/","@type":"Article","@id":"https:\/\/www.mabico.cz\/stastny-zivot\/#Article","mainEntityOfPage":"https:\/\/www.mabico.cz\/stastny-zivot\/","headline":"\u0160\u0165astn\u00fd \u017eivot","name":"\u0160\u0165astn\u00fd \u017eivot","description":"Je logick\u00e9, \u017ee opravdu ka\u017ed\u00fd \u010dlov\u011bk anebo rodina m\u00e1 sv\u016fj vlastn\u00ed \u017eivotn\u00ed styl, kter\u00fd vyzn\u00e1v\u00e1 a l\u00edb\u00ed se mu. Abych se p\u0159iznala, tak j\u00e1 jsem taky m\u011bla kdysi takov\u00fd \u017eivotn\u00ed styl, kdy jsem se opravdu velice divoce obl\u00e9kala. Ani nev\u00edm, jak m\u011b to napadlo. A pro\u010d se mi to l\u00edbilo<a class=\"read-more\" href=\"https:\/\/www.mabico.cz\/stastny-zivot\/\"> ( more... )<\/a>","datePublished":"2023-02-28","dateModified":"2023-04-29","author":{"@type":"Person","@id":"https:\/\/www.mabico.cz\/author\/#Person","name":"","url":"https:\/\/www.mabico.cz\/author\/","identifier":1,"image":{"@type":"ImageObject","@id":"https:\/\/secure.gravatar.com\/avatar\/69bd9b72104e3ccfb6214cbd23cb226f96c6ecf33a2a351fa1d4682235118df3?s=96&d=mm&r=g","url":"https:\/\/secure.gravatar.com\/avatar\/69bd9b72104e3ccfb6214cbd23cb226f96c6ecf33a2a351fa1d4682235118df3?s=96&d=mm&r=g","height":96,"width":96}},"publisher":{"@type":"Organization","name":"mabico.cz","logo":{"@type":"ImageObject","@id":"\/logo.png","url":"\/logo.png","width":600,"height":60}},"image":{"@type":"ImageObject","@id":"https:\/\/www.mabico.cz\/wp-content\/uploads\/tablet-843798__340_2.jpg","url":"https:\/\/www.mabico.cz\/wp-content\/uploads\/tablet-843798__340_2.jpg","height":0,"width":0},"url":"https:\/\/www.mabico.cz\/stastny-zivot\/","about":["\u017divotn\u00ed styl\r"],"wordCount":424,"articleBody":"Je logick\u00e9, \u017ee opravdu ka\u017ed\u00fd \u010dlov\u011bk anebo rodina m\u00e1 sv\u016fj vlastn\u00ed \u017eivotn\u00ed styl, kter\u00fd vyzn\u00e1v\u00e1 a l\u00edb\u00ed se mu. Abych se p\u0159iznala, tak j\u00e1 jsem taky m\u011bla kdysi takov\u00fd \u017eivotn\u00ed styl, kdy jsem se opravdu velice divoce obl\u00e9kala. Ani nev\u00edm, jak m\u011b to napadlo. A pro\u010d se mi to l\u00edbilo a pro\u010d m\u011b to bavilo. Akor\u00e1t jedin\u00e9, co v\u00edm, tak si pamatuji a vzpom\u00edn\u00e1m si, \u017ee tohle opravdu hodn\u011b vadilo moj\u00ed m\u00e1m\u011b a taky t\u00e1tovi a zbytku rodiny. A j\u00e1 se ani nediv\u00edm, proto\u017ee si mysl\u00edm, \u017ee by se asi \u017e\u00e1dn\u00e9mu rodi\u010di nel\u00edbilo, kdyby se jeho dcera obl\u00e9kala tak, jako j\u00e1. Moc r\u00e1da jsem taky nosila kr\u00e1tk\u00e9 sukn\u011b, kter\u00e9 byly extra minisukn\u011b a taky kr\u00e1tk\u00e1 tri\u010dka jsem m\u011bla obl\u00edben\u00e1. V t\u00e9 dob\u011b se to opravdu hodn\u011b nosilo, tak\u017ee jsem taky cht\u011bla vypadat a zapadnout do party. Jenom\u017ee to bylo stra\u0161n\u00e9. A to poka\u017ed\u00e9, kdy\u017e vid\u00edm nen\u00ed n\u011bjak\u00e9 moje fotografie, kde jsem takhle byla sm\u011b\u0161n\u011b oble\u010den\u00e1, tak se mi chce bre\u010det anebo se \u010derven\u00e1m, proto\u017ee to je opravdu katastrofa. Na\u0161t\u011bst\u00ed jsem zm\u011bnila u\u017e sv\u016fj \u017eivotn\u00ed styl a mus\u00edm uznat, \u017ee je o mnoho lep\u0161\u00ed. A obl\u00edbila jsem si velice sportovn\u00ed oble\u010den\u00ed a takov\u00fd sportovn\u00ed styl m\u00f3dy. Tak\u017ee moc r\u00e1da nos\u00edm mikiny anebo r\u016fzn\u00e9\u00a0leg\u00edny. Ani nev\u00edte, jak\u00e9 a kolik jich m\u00e1m doma, mo\u017en\u00e1 byste kroutili hlavou a sm\u00e1li se, kolik m\u00e1m doma sportovn\u00edch mikin nebo tepl\u00e1k\u016f. V\u016fbec nech\u00e1pu, jak jsem se mohla p\u0159eorientovat takhle. Jak jsem mohla se zamilovat do oby\u010dejn\u00fdch tepl\u00e1k\u016f nam\u00edsto minisukn\u011b. Ale v\u00edte, \u010dlov\u011bk se prost\u011b postupem \u010dasu m\u011bn\u00ed a mysl\u00edm si, \u017ee v tomhle p\u0159\u00edpad\u011b se mi taky zm\u011bnilo my\u0161len\u00ed a podle m\u00e9ho n\u00e1zoru k tomu dobr\u00e9mu. Proto\u017ee nev\u00edm, jak bych vypadala, kdybych si v t\u0159iceti p\u011bti letech, a je\u0161t\u011b s mal\u00fdm synem vzala na sebe extra kr\u00e1tkou minisukni. Mysl\u00edm si, \u017ee bych byla opravdu za bl\u00e1zna a v\u0161em pro sm\u00edch.\u00a0 N\u011bkdy top ale u\u017e tak b\u00fdv\u00e1, \u017ee ne ka\u017ed\u00e9mu se \u010dlov\u011bk tref\u00ed do vkusu. Ale tohle je prost\u011b \u017eivot, ka\u017ed\u00fd je origin\u00e1l.                                                                                                                                                                                                                                                                                                                                                                                        4.7\/5 - (8 votes)        "},{"@context":"https:\/\/schema.org\/","@type":"BreadcrumbList","itemListElement":[{"@type":"ListItem","position":1,"name":"\u0160\u0165astn\u00fd \u017eivot","item":"https:\/\/www.mabico.cz\/stastny-zivot\/#breadcrumbitem"}]}]